{"id":3142,"date":"2025-07-23T13:39:22","date_gmt":"2025-07-23T12:39:22","guid":{"rendered":"http:\/\/parafiakostow.pl\/?p=3142"},"modified":"2025-07-23T17:55:47","modified_gmt":"2025-07-23T16:55:47","slug":"homilia-ks-wojciech-drab","status":"publish","type":"post","link":"http:\/\/parafiakostow.pl\/?p=3142","title":{"rendered":"Homilia ks. Wojciech Drab"},"content":{"rendered":"\n<p><strong>Homilia ks. Wojciech Drab podczas Mszy \u015bw. przed nabo\u017ce\u0144stwem do \u015bw. Rity &#8211; Kost\u00f3w 22.07.2025<\/strong><\/p>\n\n\n\n<figure class=\"wp-block-embed is-type-video is-provider-youtube wp-block-embed-youtube wp-embed-aspect-16-9 wp-has-aspect-ratio\"><div class=\"wp-block-embed__wrapper\">\n<iframe loading=\"lazy\" title=\"Homilia ks. Wojciech Drab - Msza \u015bw. z nabo\u017ce\u0144stwem do \u015bw. Rity - Kost\u00f3w 22.07.2025\" width=\"584\" height=\"329\" src=\"https:\/\/www.youtube.com\/embed\/KBcaskxeqUU?feature=oembed\" frameborder=\"0\" allow=\"accelerometer; autoplay; clipboard-write; encrypted-media; gyroscope; picture-in-picture; web-share\" referrerpolicy=\"strict-origin-when-cross-origin\" allowfullscreen><\/iframe>\n<\/div><\/figure>\n\n\n\n<!--more-->\n\n\n\n<p><strong>ks. Wojciech Drab<\/strong> &#8211; kap\u0142an diecezji \u015bwidnickiej, proboszcz parafii \u015bw. Wojciecha w Wa\u0142brzychu, diecezjalny egzorcysta.<\/p>\n","protected":false},"excerpt":{"rendered":"<p>Homilia ks. Wojciech Drab podczas Mszy \u015bw. przed nabo\u017ce\u0144stwem do \u015bw. Rity &#8211; Kost\u00f3w 22.07.2025<\/p>\n","protected":false},"author":1,"featured_media":0,"comment_status":"closed","ping_status":"closed","sticky":false,"template":"","format":"standard","meta":{"_lmt_disableupdate":"","_lmt_disable":"","footnotes":""},"categories":[2],"tags":[],"class_list":["post-3142","post","type-post","status-publish","format-standard","hentry","category-aktualnosci"],"modified_by":null,"_links":{"self":[{"href":"http:\/\/parafiakostow.pl\/index.php?rest_route=\/wp\/v2\/posts\/3142","targetHints":{"allow":["GET"]}}],"collection":[{"href":"http:\/\/parafiakostow.pl\/index.php?rest_route=\/wp\/v2\/posts"}],"about":[{"href":"http:\/\/parafiakostow.pl\/index.php?rest_route=\/wp\/v2\/types\/post"}],"author":[{"embeddable":true,"href":"http:\/\/parafiakostow.pl\/index.php?rest_route=\/wp\/v2\/users\/1"}],"replies":[{"embeddable":true,"href":"http:\/\/parafiakostow.pl\/index.php?rest_route=%2Fwp%2Fv2%2Fcomments&post=3142"}],"version-history":[{"count":2,"href":"http:\/\/parafiakostow.pl\/index.php?rest_route=\/wp\/v2\/posts\/3142\/revisions"}],"predecessor-version":[{"id":3148,"href":"http:\/\/parafiakostow.pl\/index.php?rest_route=\/wp\/v2\/posts\/3142\/revisions\/3148"}],"wp:attachment":[{"href":"http:\/\/parafiakostow.pl\/index.php?rest_route=%2Fwp%2Fv2%2Fmedia&parent=3142"}],"wp:term":[{"taxonomy":"category","embeddable":true,"href":"http:\/\/parafiakostow.pl\/index.php?rest_route=%2Fwp%2Fv2%2Fcategories&post=3142"},{"taxonomy":"post_tag","embeddable":true,"href":"http:\/\/parafiakostow.pl\/index.php?rest_route=%2Fwp%2Fv2%2Ftags&post=3142"}],"curies":[{"name":"wp","href":"https:\/\/api.w.org\/{rel}","templated":true}]}}