{"id":3267,"date":"2025-12-24T10:01:37","date_gmt":"2025-12-24T09:01:37","guid":{"rendered":"http:\/\/parafiakostow.pl\/?p=3267"},"modified":"2025-12-24T10:01:37","modified_gmt":"2025-12-24T09:01:37","slug":"zyczenia-biskupa-kaliskiego","status":"publish","type":"post","link":"http:\/\/parafiakostow.pl\/?p=3267","title":{"rendered":"\u017byczenia Biskupa Kaliskiego"},"content":{"rendered":"\n<div data-wp-interactive=\"core\/file\" class=\"wp-block-file\"><object data-wp-bind--hidden=\"!state.hasPdfPreview\" hidden class=\"wp-block-file__embed\" data=\"http:\/\/parafiakostow.pl\/wp-content\/uploads\/2025\/12\/Zyczenia-Biskupa-Kaliskiego-z-okazji-uroczystosci-Narodzenia-Panskiego-2025.pdf\" type=\"application\/pdf\" style=\"width:100%;height:600px\" aria-label=\"Osadzone z \u017byczenia Biskupa Kaliskiego z okazji uroczysto\u015bci Narodzenia Pa\u0144skiego 2025.\"><\/object><a id=\"wp-block-file--media-dfebd869-ac62-4a4e-9416-b67098f72977\" href=\"http:\/\/parafiakostow.pl\/wp-content\/uploads\/2025\/12\/Zyczenia-Biskupa-Kaliskiego-z-okazji-uroczystosci-Narodzenia-Panskiego-2025.pdf\">\u017byczenia Biskupa Kaliskiego z okazji uroczysto\u015bci Narodzenia Pa\u0144skiego 2025<\/a><a href=\"http:\/\/parafiakostow.pl\/wp-content\/uploads\/2025\/12\/Zyczenia-Biskupa-Kaliskiego-z-okazji-uroczystosci-Narodzenia-Panskiego-2025.pdf\" class=\"wp-block-file__button wp-element-button\" download aria-describedby=\"wp-block-file--media-dfebd869-ac62-4a4e-9416-b67098f72977\">Pobierz<\/a><\/div>\n","protected":false},"excerpt":{"rendered":"","protected":false},"author":1,"featured_media":0,"comment_status":"closed","ping_status":"closed","sticky":false,"template":"","format":"standard","meta":{"_lmt_disableupdate":"","_lmt_disable":"","footnotes":""},"categories":[2],"tags":[],"class_list":["post-3267","post","type-post","status-publish","format-standard","hentry","category-aktualnosci"],"modified_by":null,"_links":{"self":[{"href":"http:\/\/parafiakostow.pl\/index.php?rest_route=\/wp\/v2\/posts\/3267","targetHints":{"allow":["GET"]}}],"collection":[{"href":"http:\/\/parafiakostow.pl\/index.php?rest_route=\/wp\/v2\/posts"}],"about":[{"href":"http:\/\/parafiakostow.pl\/index.php?rest_route=\/wp\/v2\/types\/post"}],"author":[{"embeddable":true,"href":"http:\/\/parafiakostow.pl\/index.php?rest_route=\/wp\/v2\/users\/1"}],"replies":[{"embeddable":true,"href":"http:\/\/parafiakostow.pl\/index.php?rest_route=%2Fwp%2Fv2%2Fcomments&post=3267"}],"version-history":[{"count":1,"href":"http:\/\/parafiakostow.pl\/index.php?rest_route=\/wp\/v2\/posts\/3267\/revisions"}],"predecessor-version":[{"id":3269,"href":"http:\/\/parafiakostow.pl\/index.php?rest_route=\/wp\/v2\/posts\/3267\/revisions\/3269"}],"wp:attachment":[{"href":"http:\/\/parafiakostow.pl\/index.php?rest_route=%2Fwp%2Fv2%2Fmedia&parent=3267"}],"wp:term":[{"taxonomy":"category","embeddable":true,"href":"http:\/\/parafiakostow.pl\/index.php?rest_route=%2Fwp%2Fv2%2Fcategories&post=3267"},{"taxonomy":"post_tag","embeddable":true,"href":"http:\/\/parafiakostow.pl\/index.php?rest_route=%2Fwp%2Fv2%2Ftags&post=3267"}],"curies":[{"name":"wp","href":"https:\/\/api.w.org\/{rel}","templated":true}]}}